{"id":73,"date":"2013-02-02T14:54:41","date_gmt":"2013-02-02T13:54:41","guid":{"rendered":"http:\/\/mamrotka.wrota.net\/?p=73"},"modified":"2014-11-07T15:01:19","modified_gmt":"2014-11-07T14:01:19","slug":"szpecle-z-brokulami-i-szynka-w-sosie-smietanowo-serowym","status":"publish","type":"post","link":"https:\/\/mamrotka.wrota.net\/?p=73","title":{"rendered":"Szpecle z broku\u0142ami i szynk\u0105 w sosie \u015bmietanowo-serowym"},"content":{"rendered":"<p style=\"text-align: center;\"><a href=\"http:\/\/mamrotka.wrota.net\/wp-content\/uploads\/2014\/11\/szpeclebrokuly01.jpg\"><img decoding=\"async\" loading=\"lazy\" class=\"aligncenter size-full wp-image-74\" src=\"http:\/\/mamrotka.wrota.net\/wp-content\/uploads\/2014\/11\/szpeclebrokuly01.jpg\" alt=\"szpeclebrokuly01\" width=\"600\" height=\"428\" srcset=\"https:\/\/mamrotka.wrota.net\/wp-content\/uploads\/2014\/11\/szpeclebrokuly01.jpg 600w, https:\/\/mamrotka.wrota.net\/wp-content\/uploads\/2014\/11\/szpeclebrokuly01-300x214.jpg 300w\" sizes=\"(max-width: 600px) 100vw, 600px\" \/><\/a><\/p>\n<p style=\"text-align: left;\"><i>Jaki\u015b czas temu by\u0142 taki dzie\u0144 w kt\u00f3rym od samego rana wiedzia\u0142am, \u017ce b\u0119dzie nale\u017ca\u0142 do &#8222;trudnych&#8221;. Sprawdzi\u0142am wtedy co mam i wysz\u0142o mi:<\/i><br \/>\n<i>&#8211; z\u0105bkuj\u0105co, gor\u0105czkuj\u0105ce, marudz\u0105ce, niemowl\u0119 &#8211; jest<\/i><br \/>\n<i>&#8211; niemo\u017cno\u015b\u0107 wyskoczenia do sklepu po &#8222;co\u015b na obiad&#8221; &#8211; jest<\/i><br \/>\n<i>&#8211; jakie\u015b resztki w lod\u00f3wce &#8211; jest<\/i><br \/>\n<i>&#8211; ma\u0142o czasu na sklecenie obiadu bo m\u0142oda urywa przys\u0142owiowy ty\u0142ek &#8211; jest<\/i><\/p>\n<p><i>I tak powsta\u0142 pomys\u0142 na obiad &#8222;co si\u0119 nawinie czyli sprz\u0105tamy lod\u00f3wk\u0119&#8221; &#8211; szpecle z broku\u0142ami i szynk\u0105 w sosie \u015bmietanowo-serowym.\u00a0<\/i><br \/>\n<i>Mia\u0142am nadziej\u0119, \u017ce wyjdzie cho\u0107 odrobin\u0119 zjadliwe, myli\u0142am si\u0119 &#8211; wysz\u0142o super!<\/i><\/p>\n<p><b>Szpecle z broku\u0142ami i szynk\u0105 w sosie \u015bmietanowo serowym<\/b><\/p>\n<ul>\n<li>jajka<\/li>\n<li>m\u0105ka<\/li>\n<li>woda<\/li>\n<li>mleko<\/li>\n<li>broku\u0142<\/li>\n<li>szynka<\/li>\n<li>2 kie\u0142baski \u015bl\u0105skie (pewnie mog\u0105 by\u0107 inne albo wcale mo\u017ce ich nie by\u0107, ja mia\u0142am w lod\u00f3wce to wrzuci\u0142am)<\/li>\n<li>\u00a0\u015bmietana<\/li>\n<li>ser \u017c\u00f3\u0142ty<\/li>\n<\/ul>\n<p>Z wody, mleka, m\u0105ki, jajek, zrobi\u0107 g\u0119ste ciasto i przygotowa\u0107 szpecle.<b> <\/b><\/p>\n<p>Pokroi\u0107 w grubsz\u0105 kostk\u0119 szynk\u0119 i kie\u0142baski, obsma\u017cy\u0107 na patelni.<br \/>\nBroku\u0142a podzieli\u0107 na r\u00f3\u017cyczki, ugotowa\u0107 al dente.<br \/>\nSer zetrze\u0107 na tarce z grubymi oczkami.<br \/>\nDo \u015bmietany doda\u0107 soli, pieprzu, wymiesza\u0107, doda\u0107 ser.<\/p>\n<p>Do naczynia \u017caroodpornego wrzuci\u0107 szpecle, nast\u0119pnie podsma\u017con\u0105 szynk\u0119 oraz broku\u0142y.<br \/>\nDelikatnie wymiesza\u0107. Pola\u0107 sosem \u015bmietanowo-serowym,\u00a0 zapieka\u0107 oko\u0142o 15 minut.<\/p>\n<p>Bon appetit ;)<\/p>\n<p><a href=\"http:\/\/mamrotka.wrota.net\/wp-content\/uploads\/2014\/11\/szpeclebrokuly02.jpg\"><img decoding=\"async\" loading=\"lazy\" class=\"aligncenter size-full wp-image-75\" src=\"http:\/\/mamrotka.wrota.net\/wp-content\/uploads\/2014\/11\/szpeclebrokuly02.jpg\" alt=\"szpeclebrokuly02\" width=\"600\" height=\"398\" srcset=\"https:\/\/mamrotka.wrota.net\/wp-content\/uploads\/2014\/11\/szpeclebrokuly02.jpg 600w, https:\/\/mamrotka.wrota.net\/wp-content\/uploads\/2014\/11\/szpeclebrokuly02-300x199.jpg 300w\" sizes=\"(max-width: 600px) 100vw, 600px\" \/><\/a><\/p>\n<p><a href=\"http:\/\/mamrotka.wrota.net\/wp-content\/uploads\/2014\/11\/szpeclebrokuly03.jpg\"><img decoding=\"async\" loading=\"lazy\" class=\"aligncenter size-full wp-image-76\" src=\"http:\/\/mamrotka.wrota.net\/wp-content\/uploads\/2014\/11\/szpeclebrokuly03.jpg\" alt=\"szpeclebrokuly03\" width=\"600\" height=\"400\" srcset=\"https:\/\/mamrotka.wrota.net\/wp-content\/uploads\/2014\/11\/szpeclebrokuly03.jpg 600w, https:\/\/mamrotka.wrota.net\/wp-content\/uploads\/2014\/11\/szpeclebrokuly03-300x200.jpg 300w\" sizes=\"(max-width: 600px) 100vw, 600px\" \/><\/a><\/p>\n","protected":false},"excerpt":{"rendered":"<p>Jaki\u015b czas temu by\u0142 taki dzie\u0144 w kt\u00f3rym od samego rana wiedzia\u0142am, \u017ce b\u0119dzie nale\u017ca\u0142 do &#8222;trudnych&#8221;. Sprawdzi\u0142am wtedy co mam i wysz\u0142o mi: &#8211; z\u0105bkuj\u0105co, gor\u0105czkuj\u0105ce, marudz\u0105ce, niemowl\u0119 &#8211; jest &#8211; niemo\u017cno\u015b\u0107 wyskoczenia do sklepu po &#8222;co\u015b na obiad&#8221; &#8211; jest &#8211; jakie\u015b resztki w lod\u00f3wce &#8211; jest &#8211; ma\u0142o czasu na sklecenie obiadu [&hellip;]<\/p>\n","protected":false},"author":1,"featured_media":0,"comment_status":"open","ping_status":"open","sticky":false,"template":"","format":"standard","meta":[],"categories":[16],"tags":[13,18,17],"_links":{"self":[{"href":"https:\/\/mamrotka.wrota.net\/index.php?rest_route=\/wp\/v2\/posts\/73"}],"collection":[{"href":"https:\/\/mamrotka.wrota.net\/index.php?rest_route=\/wp\/v2\/posts"}],"about":[{"href":"https:\/\/mamrotka.wrota.net\/index.php?rest_route=\/wp\/v2\/types\/post"}],"author":[{"embeddable":true,"href":"https:\/\/mamrotka.wrota.net\/index.php?rest_route=\/wp\/v2\/users\/1"}],"replies":[{"embeddable":true,"href":"https:\/\/mamrotka.wrota.net\/index.php?rest_route=%2Fwp%2Fv2%2Fcomments&post=73"}],"version-history":[{"count":2,"href":"https:\/\/mamrotka.wrota.net\/index.php?rest_route=\/wp\/v2\/posts\/73\/revisions"}],"predecessor-version":[{"id":78,"href":"https:\/\/mamrotka.wrota.net\/index.php?rest_route=\/wp\/v2\/posts\/73\/revisions\/78"}],"wp:attachment":[{"href":"https:\/\/mamrotka.wrota.net\/index.php?rest_route=%2Fwp%2Fv2%2Fmedia&parent=73"}],"wp:term":[{"taxonomy":"category","embeddable":true,"href":"https:\/\/mamrotka.wrota.net\/index.php?rest_route=%2Fwp%2Fv2%2Fcategories&post=73"},{"taxonomy":"post_tag","embeddable":true,"href":"https:\/\/mamrotka.wrota.net\/index.php?rest_route=%2Fwp%2Fv2%2Ftags&post=73"}],"curies":[{"name":"wp","href":"https:\/\/api.w.org\/{rel}","templated":true}]}}