{"id":22,"date":"2011-04-22T12:58:53","date_gmt":"2011-04-22T10:58:53","guid":{"rendered":"http:\/\/mamrotka.wrota.net\/?p=22"},"modified":"2014-11-07T15:00:01","modified_gmt":"2014-11-07T14:00:01","slug":"salatka-selerowo-ananasowa","status":"publish","type":"post","link":"https:\/\/mamrotka.wrota.net\/?p=22","title":{"rendered":"Sa\u0142atka selerowo-ananasowa"},"content":{"rendered":"<div>Troch\u0119 ostatnio zaniedba\u0142am bloga. Gotuj\u0119, robi\u0119 zdj\u0119cia &#8211; ale brak czasu na wystawienie ich na blogu.<\/div>\n<div>W marcu m\u00f3j starszy syn mia\u0142 10 urodziny. Chcia\u0142am na przyj\u0119cie urodzinowe zrobi\u0107 jak\u0105\u015b inn\u0105 sa\u0142atk\u0119 ni\u017c zwykle. Dosta\u0142am link do bloga <a href=\"http:\/\/mojakrainasmakow.bloog.pl\/\">Moja kraina smak\u00f3w.<\/a><\/div>\n<div>Wypr\u00f3bowa\u0142am stamt\u0105d sa\u0142atk\u0119 selerowo-ananasow\u0105.\u00a0 Jest fantastyczna!<\/div>\n<div>Bardzo szybka w przygotowaniu i smakuje wy\u015bmienicie.<\/div>\n<div><\/div>\n<div><a href=\"http:\/\/mamrotka.wrota.net\/wp-content\/uploads\/2014\/11\/salatka_seleranans.jpg\"><img decoding=\"async\" loading=\"lazy\" class=\"alignnone wp-image-23 size-full\" src=\"http:\/\/mamrotka.wrota.net\/wp-content\/uploads\/2014\/11\/salatka_seleranans.jpg\" alt=\"salatka_seleranans\" width=\"600\" height=\"419\" srcset=\"https:\/\/mamrotka.wrota.net\/wp-content\/uploads\/2014\/11\/salatka_seleranans.jpg 600w, https:\/\/mamrotka.wrota.net\/wp-content\/uploads\/2014\/11\/salatka_seleranans-300x209.jpg 300w\" sizes=\"(max-width: 600px) 100vw, 600px\" \/><\/a><\/div>\n<div><\/div>\n<div>\n<div><b>Sa\u0142atka selerowo-ananasowa<\/b><\/div>\n<div><\/div>\n<div>\n<ul>\n<li>1 s\u0142oik selera konserwowego<span class=\"highlight\">\u00a0<\/span><\/li>\n<li><span class=\"highlight\">1 puszka ananasa pokrojonego<\/span><\/li>\n<li><span class=\"highlight\">1 puszka kukurydzy<\/span><\/li>\n<li>6 jajek ugotowanych na twardo<span class=\"highlight\">\u00a0<\/span><\/li>\n<li><span class=\"highlight\">p\u00f3\u0142 pora<\/span> (bia\u0142a cz\u0119\u015b\u0107)<\/li>\n<li>troch\u0119 szynki lub kie\u0142basy szynkowej<\/li>\n<li>majonez Kielecki<\/li>\n<li>s\u00f3l<\/li>\n<li>pieprz<\/li>\n<\/ul>\n<div>Jajka, w\u0119dlin\u0119 i pora pokroi\u0107, dorzuci\u0107 reszt\u0119 sk\u0142adnik\u00f3w, wymiesza\u0107, przyprawi\u0107 i gotowe.<\/div>\n<div><\/div>\n<div>Smacznego!<\/div>\n<\/div>\n<\/div>\n","protected":false},"excerpt":{"rendered":"<p>Troch\u0119 ostatnio zaniedba\u0142am bloga. Gotuj\u0119, robi\u0119 zdj\u0119cia &#8211; ale brak czasu na wystawienie ich na blogu. W marcu m\u00f3j starszy syn mia\u0142 10 urodziny. Chcia\u0142am na przyj\u0119cie urodzinowe zrobi\u0107 jak\u0105\u015b inn\u0105 sa\u0142atk\u0119 ni\u017c zwykle. Dosta\u0142am link do bloga Moja kraina smak\u00f3w. Wypr\u00f3bowa\u0142am stamt\u0105d sa\u0142atk\u0119 selerowo-ananasow\u0105.\u00a0 Jest fantastyczna! Bardzo szybka w przygotowaniu i smakuje wy\u015bmienicie. Sa\u0142atka [&hellip;]<\/p>\n","protected":false},"author":1,"featured_media":0,"comment_status":"open","ping_status":"open","sticky":false,"template":"","format":"standard","meta":[],"categories":[7],"tags":[13,8],"_links":{"self":[{"href":"https:\/\/mamrotka.wrota.net\/index.php?rest_route=\/wp\/v2\/posts\/22"}],"collection":[{"href":"https:\/\/mamrotka.wrota.net\/index.php?rest_route=\/wp\/v2\/posts"}],"about":[{"href":"https:\/\/mamrotka.wrota.net\/index.php?rest_route=\/wp\/v2\/types\/post"}],"author":[{"embeddable":true,"href":"https:\/\/mamrotka.wrota.net\/index.php?rest_route=\/wp\/v2\/users\/1"}],"replies":[{"embeddable":true,"href":"https:\/\/mamrotka.wrota.net\/index.php?rest_route=%2Fwp%2Fv2%2Fcomments&post=22"}],"version-history":[{"count":1,"href":"https:\/\/mamrotka.wrota.net\/index.php?rest_route=\/wp\/v2\/posts\/22\/revisions"}],"predecessor-version":[{"id":24,"href":"https:\/\/mamrotka.wrota.net\/index.php?rest_route=\/wp\/v2\/posts\/22\/revisions\/24"}],"wp:attachment":[{"href":"https:\/\/mamrotka.wrota.net\/index.php?rest_route=%2Fwp%2Fv2%2Fmedia&parent=22"}],"wp:term":[{"taxonomy":"category","embeddable":true,"href":"https:\/\/mamrotka.wrota.net\/index.php?rest_route=%2Fwp%2Fv2%2Fcategories&post=22"},{"taxonomy":"post_tag","embeddable":true,"href":"https:\/\/mamrotka.wrota.net\/index.php?rest_route=%2Fwp%2Fv2%2Ftags&post=22"}],"curies":[{"name":"wp","href":"https:\/\/api.w.org\/{rel}","templated":true}]}}